{"id":76,"date":"2016-01-24T11:34:04","date_gmt":"2016-01-24T11:34:04","guid":{"rendered":"http:\/\/acutema.org\/?p=76"},"modified":"2021-11-03T12:26:16","modified_gmt":"2021-11-03T12:26:16","slug":"xiii-festival-2015","status":"publish","type":"post","link":"https:\/\/acutema.org\/?p=76","title":{"rendered":"FESTIVALES ANTERIORES: XIII FESTIVAL (2015)"},"content":{"rendered":"<h3><strong><span style=\"color: #000080;\">XIII Festival de Teatro Grecolatino de M\u00e1laga (2015)<\/span><\/strong><\/h3>\n<h3><span style=\"color: #ff0000;\">D\u00eda Jueves 7 de mayo<\/span><\/h3>\n<h3>COORDINADOR:<br \/>\nRa\u00fal Caballero S\u00e1nchez<\/h3>\n<h3>ORGANIZA:<br \/>\nAsociaci\u00f3n Cultural de Teatro Grecolatino de M\u00e1laga (Acutema)<\/h3>\n<h3>LUGAR:<br \/>\nTeatro Romano de M\u00e1laga<\/h3>\n<h3>D\u00cdA 7 DE MAYO (JUEVES)<br \/>\n10.00 horas<br \/>\nSUPLICANTES, de Esquilo<br \/>\nGrupo AlezeiaTeatro, de Benalm\u00e1dena (M\u00e1laga)<br \/>\nGanador del IX Concurso nacional de grupos de teatro grecolatino 2014<\/h3>\n<h3>12.00 horas y 17.00 horas<br \/>\nEDIPO, adaptaci\u00f3n sobre textos de S\u00f3focles y S\u00e9neca<br \/>\nGrupo InduoTeatro, de M\u00e1laga<\/h3>\n<h3>RESERVA DE PLAZAS<br \/>\nP\u00f3nganse en contacto con la Asociaci\u00f3n Cultural de Teatro Grecolatino de M\u00e1laga<br \/>\n(Acutema): Correo electr\u00f3nico a teatrogrecolatino@acutema.org.<br \/>\nWeb: http:\/\/www.acutema.org\/\/.<\/h3>\n<h3>OBSERVACIONES<br \/>\n1. No hay lugar alternativo de representaci\u00f3n en caso de suspensi\u00f3n por lluvia. Para<br \/>\ndecidir la suspensi\u00f3n nos atendremos a los protocolos que publicaremos en nuestras<br \/>\nwebs.<br \/>\n2. Se recuerda a los profesores que no es un Festival adecuado para alumnos de cursos<br \/>\ninferiores a 3\u00ba de ESO.<br \/>\n3. Asimismo, se recuerda a los profesores que deben permanecer con sus alumnos desde el<br \/>\nmomento que acceden al teatro hasta la salida.<br \/>\n4. En el montaje Edipo, se distribuir\u00e1 a los centros Edipo de S\u00e9neca.<br \/>\nOrganizan: Asociaci\u00f3n Cultural de Teatro Grecolatino de M\u00e1laga (Acutema) e Instituto de Teatro<br \/>\nCl\u00e1sico Grecolatino de Andaluc\u00eda.<\/h3>\n<h3>Patrocinan: Consejer\u00eda de Educaci\u00f3n, Cultura y Deportes de la Junta de Andaluc\u00eda, \u00c1reas de Cultura y<br \/>\nEducaci\u00f3n del Ayuntamiento de M\u00e1laga.<\/h3>\n<h3>Colaboran: Universidad de M\u00e1laga (Vicerrectorado de Extensi\u00f3n Universitaria); Sociedad Espa\u00f1ola de<br \/>\nEstudios Cl\u00e1sicos; \u00c1rea de Filolog\u00eda Griega de la UMA<\/h3>\n","protected":false},"excerpt":{"rendered":"<p>XIII Festival de Teatro Grecolatino de M\u00e1laga (2015) D\u00eda Jueves 7 de mayo COORDINADOR: Ra\u00fal Caballero S\u00e1nchez ORGANIZA: Asociaci\u00f3n Cultural de Teatro Grecolatino de M\u00e1laga (Acutema) LUGAR: Teatro Romano de M\u00e1laga D\u00cdA 7 DE MAYO (JUEVES) 10.00 horas SUPLICANTES, de Esquilo Grupo AlezeiaTeatro, de Benalm\u00e1dena (M\u00e1laga) Ganador del IX Concurso nacional de grupos de teatro &hellip; <\/p>\n<p><a class=\"more-link btn\" href=\"https:\/\/acutema.org\/?p=76\">Seguir leyendo<\/a><\/p>\n","protected":false},"author":1,"featured_media":0,"comment_status":"closed","ping_status":"open","sticky":false,"template":"","format":"standard","meta":{"footnotes":""},"categories":[1],"tags":[],"class_list":["post-76","post","type-post","status-publish","format-standard","hentry","category-uncategorized","item-wrap"],"_links":{"self":[{"href":"https:\/\/acutema.org\/index.php?rest_route=\/wp\/v2\/posts\/76","targetHints":{"allow":["GET"]}}],"collection":[{"href":"https:\/\/acutema.org\/index.php?rest_route=\/wp\/v2\/posts"}],"about":[{"href":"https:\/\/acutema.org\/index.php?rest_route=\/wp\/v2\/types\/post"}],"author":[{"embeddable":true,"href":"https:\/\/acutema.org\/index.php?rest_route=\/wp\/v2\/users\/1"}],"replies":[{"embeddable":true,"href":"https:\/\/acutema.org\/index.php?rest_route=%2Fwp%2Fv2%2Fcomments&post=76"}],"version-history":[{"count":6,"href":"https:\/\/acutema.org\/index.php?rest_route=\/wp\/v2\/posts\/76\/revisions"}],"predecessor-version":[{"id":297,"href":"https:\/\/acutema.org\/index.php?rest_route=\/wp\/v2\/posts\/76\/revisions\/297"}],"wp:attachment":[{"href":"https:\/\/acutema.org\/index.php?rest_route=%2Fwp%2Fv2%2Fmedia&parent=76"}],"wp:term":[{"taxonomy":"category","embeddable":true,"href":"https:\/\/acutema.org\/index.php?rest_route=%2Fwp%2Fv2%2Fcategories&post=76"},{"taxonomy":"post_tag","embeddable":true,"href":"https:\/\/acutema.org\/index.php?rest_route=%2Fwp%2Fv2%2Ftags&post=76"}],"curies":[{"name":"wp","href":"https:\/\/api.w.org\/{rel}","templated":true}]}}